{"id":3408,"date":"2021-09-12T21:34:00","date_gmt":"2021-09-12T19:34:00","guid":{"rendered":"https:\/\/www.casalimon.de\/el-tiempo-en-conil\/"},"modified":"2021-11-08T15:47:44","modified_gmt":"2021-11-08T14:47:44","slug":"el-tiempo-en-conil","status":"publish","type":"post","link":"https:\/\/www.casacielo.de\/es\/el-tiempo-en-conil\/","title":{"rendered":"El tiempo y datos meteorol\u00f3gicos actuales en Conil"},"content":{"rendered":"\n<p>El sol, el viento, las olas y la lluvia no s\u00f3lo interesan a los aficionados a los deportes acu\u00e1ticos. Algunos anhelan el viento, otros quieren saber cu\u00e1ndo volver\u00e1 a amainar.<\/p>\n\n<p>Para los kitesurfistas, windsurfistas, surfistas, navegantes, parapentistas y todos aquellos que esperan la brisa o la calma perfecta, Windfinder.com ofrece grandes detalles.<\/p>\n\n<div class=\"wp-block-columns is-layout-flex wp-container-core-columns-is-layout-9d6595d7 wp-block-columns-is-layout-flex\">\n<div class=\"wp-block-column is-layout-flow wp-block-column-is-layout-flow\" style=\"flex-basis:100%\">\n<script src=\"https:\/\/de.windfinder.com\/widget\/forecast\/js\/conil_de_la_frontera?unit_wave=m&#038;unit_rain=mm&#038;unit_temperature=c&#038;unit_wind=kmh&#038;unit_pressure=hPa&#038;days=2&#038;show_day=0\"><\/script><noscript><a rel=\"nofollow noopener\" href=\"https:\/\/www.windfinder.com\/forecast\/conil_de_la_frontera?utm_source=forecast&#038;utm_medium=web&#038;utm_campaign=homepageweather&#038;utm_content=noscript-forecast\" target=\"_blank\">Previsi\u00f3n de viento para Conil de la<\/a> Frontera proporcionada por <a rel=\"nofollow noopener\" href=\"https:\/\/www.windfinder.com?utm_source=forecast&#038;utm_medium=web&#038;utm_campaign=homepageweather&#038;utm_content=noscript-logo\" target=\"_blank\">windfinder.com<\/a><\/noscript>\r\n<\/div>\n<\/div>\n\n<p style=\"font-size:9px\">El widget del tiempo de Windfinder.com GmbH &amp; Co.KG est\u00e1 integrado en este sitio web. Para poder mostrar los datos meteorol\u00f3gicos, su direcci\u00f3n IP se transmite a Windfinder.com GmbH &amp; Co.KG. No se transmitir\u00e1 ning\u00fan otro dato personal. Su direcci\u00f3n IP es registrada por Windfinder.com GmbH &amp; Co.KG por razones t\u00e9cnicas y se elimina despu\u00e9s de 7 d\u00edas.<\/p>\n\n<!--more-->\n\n<p>Una visi\u00f3n algo diferente de los datos meteorol\u00f3gicos es la que ofrece el proveedor daswetter.com:<\/p>\n\n<div id=\"cont_b4ed456496f3805835582f7ede782eeb\"><script type=\"text\/javascript\" async=\"\" src=\"https:\/\/www.daswetter.com\/wid_loader\/b4ed456496f3805835582f7ede782eeb\"><\/script><\/div>\r\n","protected":false},"excerpt":{"rendered":"<p>Para kitesurfistas, windsurfistas, surfistas, navegantes, parapentistas y cualquiera que espere la brisa perfecta o la calma, detalles meteorol\u00f3gicos.<\/p>\n","protected":false},"author":1,"featured_media":3404,"comment_status":"open","ping_status":"open","sticky":false,"template":"","format":"standard","meta":{"footnotes":""},"categories":[168],"tags":[],"class_list":["post-3408","post","type-post","status-publish","format-standard","has-post-thumbnail","hentry","category-conil-es"],"_links":{"self":[{"href":"https:\/\/www.casacielo.de\/es\/wp-json\/wp\/v2\/posts\/3408","targetHints":{"allow":["GET"]}}],"collection":[{"href":"https:\/\/www.casacielo.de\/es\/wp-json\/wp\/v2\/posts"}],"about":[{"href":"https:\/\/www.casacielo.de\/es\/wp-json\/wp\/v2\/types\/post"}],"author":[{"embeddable":true,"href":"https:\/\/www.casacielo.de\/es\/wp-json\/wp\/v2\/users\/1"}],"replies":[{"embeddable":true,"href":"https:\/\/www.casacielo.de\/es\/wp-json\/wp\/v2\/comments?post=3408"}],"version-history":[{"count":5,"href":"https:\/\/www.casacielo.de\/es\/wp-json\/wp\/v2\/posts\/3408\/revisions"}],"predecessor-version":[{"id":3424,"href":"https:\/\/www.casacielo.de\/es\/wp-json\/wp\/v2\/posts\/3408\/revisions\/3424"}],"wp:featuredmedia":[{"embeddable":true,"href":"https:\/\/www.casacielo.de\/es\/wp-json\/wp\/v2\/media\/3404"}],"wp:attachment":[{"href":"https:\/\/www.casacielo.de\/es\/wp-json\/wp\/v2\/media?parent=3408"}],"wp:term":[{"taxonomy":"category","embeddable":true,"href":"https:\/\/www.casacielo.de\/es\/wp-json\/wp\/v2\/categories?post=3408"},{"taxonomy":"post_tag","embeddable":true,"href":"https:\/\/www.casacielo.de\/es\/wp-json\/wp\/v2\/tags?post=3408"}],"curies":[{"name":"wp","href":"https:\/\/api.w.org\/{rel}","templated":true}]}}